{"id":3136,"date":"2024-11-06T13:34:23","date_gmt":"2024-11-06T12:34:23","guid":{"rendered":"https:\/\/www.spvgg-dresden-l\u00f6btau.de\/?p=3136"},"modified":"2024-11-06T13:34:23","modified_gmt":"2024-11-06T12:34:23","slug":"1-frauen-silbernes-lorbeerblatt","status":"publish","type":"post","link":"https:\/\/www.spvgg-dresden-l\u00f6btau.de\/?p=3136","title":{"rendered":"1. FRAUEN: silbernes Lorbeerblatt"},"content":{"rendered":"\n<p><br>Unsere Anna erhielt vom Bundespr\u00e4sidenten Frank-Walter Steinmeier pers\u00f6nlich das \u201eSilberne Lorbeerblatt\u201c.<\/p>\n\n\n\n<p>Das Silberne Lorbeerblatt ist die h\u00f6chste sportliche Auszeichnung in der Bundesrepublik Deutschland.<\/p>\n\n\n\n<p>Es ist ein staatliches Ehrenzeichen und wird als Auszeichnung f\u00fcr hervorragende Leistungen (auch international) auf den Gebieten des sportlichen Lebens verliehen.<\/p>\n\n\n\n<p>Anna ist seit 2016 unsere Nr. 4 und geh\u00f6rlos, doch das hat sie nie vom Sport abgehalten.<\/p>\n\n\n\n<p>Nachdem sie sich zun\u00e4chst in der Leichtathletik engagierte, wollte sie mit 14 unbedingt Fu\u00dfball spielen und schloss sich den L\u00f6btauer C\/B-M\u00e4dels an. Annas Ehrgeiz war durch nichts zu \u00fcbertreffen und so erarbeitete sie sich schnell ihren Startplatz und wurde zu einer der Leistungstr\u00e4gerinnen des Teams. Bis heute ist Anna ein unersetzliches Teammitglied und Leistungstr\u00e4ger unserer 1. Frauenmannschaft. Auch wenn Not am Mann ist, ist es f\u00fcr sie eine Ehrensache unsere 2. Frauen zu unterst\u00fctzen.<\/p>\n\n\n\n<p>2019 schloss sie sich zus\u00e4tzlich dem Dresdner GSV (Dresdner Geh\u00f6rlosen Sportverein) an, um dort Futsal zu spielen. Im gleichen Jahr wurde sie mit 17 Jahren in die deutsche Geh\u00f6rlosen-Nationalmannschaft berufen.<\/p>\n\n\n\n<p>Seitdem spielte sie international bei der Weltmeisterschaft in der Schweiz (Platz 3), bei der Weltmeisterschaft in Brasilien 2023 (Platz 4) und zuletzt bei den Deaflympics in der T\u00fcrkei, wo sie als Mannschaftskapit\u00e4nin mit ihrem Team den 3. Platz belegte. Weiterhin erreichte sie mit dem Dresdner GSV bei den Deutschen Meisterschaften sowie bei internationalen Turnieren insgesamt 3-mal den Titel \u201eTorsch\u00fctzenk\u00f6nigin\u201c und 4-mal den Titel \u201eBeste Spielerin\u201c.<\/p>\n\n\n\n<p>Wir m\u00f6chten Anna auf diesem Wege auch von unserer Seite die Ehre erweisen und unsere Gl\u00fcckw\u00fcnsche und Bewunderung zum Ausdruck&nbsp;bringen.<\/p>\n\n\n\n<figure class=\"wp-block-gallery has-nested-images columns-default is-cropped wp-block-gallery-1 is-layout-flex wp-block-gallery-is-layout-flex\">\n<figure class=\"wp-block-image size-large\"><img loading=\"lazy\" decoding=\"async\" width=\"768\" height=\"1024\" data-id=\"3140\" src=\"https:\/\/www.spvgg-dresden-l\u00f6btau.de\/wp-content\/uploads\/WhatsApp-Bild-2024-11-05-um-09.10.51_c53e8cfe-768x1024.jpg\" alt=\"\" class=\"wp-image-3140\" srcset=\"https:\/\/www.spvgg-dresden-l\u00f6btau.de\/wp-content\/uploads\/WhatsApp-Bild-2024-11-05-um-09.10.51_c53e8cfe-768x1024.jpg 768w, https:\/\/www.spvgg-dresden-l\u00f6btau.de\/wp-content\/uploads\/WhatsApp-Bild-2024-11-05-um-09.10.51_c53e8cfe-225x300.jpg 225w, https:\/\/www.spvgg-dresden-l\u00f6btau.de\/wp-content\/uploads\/WhatsApp-Bild-2024-11-05-um-09.10.51_c53e8cfe-113x150.jpg 113w, https:\/\/www.spvgg-dresden-l\u00f6btau.de\/wp-content\/uploads\/WhatsApp-Bild-2024-11-05-um-09.10.51_c53e8cfe-1152x1536.jpg 1152w, https:\/\/www.spvgg-dresden-l\u00f6btau.de\/wp-content\/uploads\/WhatsApp-Bild-2024-11-05-um-09.10.51_c53e8cfe.jpg 1536w\" sizes=\"auto, (max-width: 768px) 100vw, 768px\" \/><\/figure>\n\n\n\n<figure class=\"wp-block-image size-large\"><img loading=\"lazy\" decoding=\"async\" width=\"1024\" height=\"668\" data-id=\"3141\" src=\"https:\/\/www.spvgg-dresden-l\u00f6btau.de\/wp-content\/uploads\/WhatsApp-Bild-2024-11-05-um-09.22.49_ba65b423-1024x668.jpg\" alt=\"\" class=\"wp-image-3141\" srcset=\"https:\/\/www.spvgg-dresden-l\u00f6btau.de\/wp-content\/uploads\/WhatsApp-Bild-2024-11-05-um-09.22.49_ba65b423-1024x668.jpg 1024w, https:\/\/www.spvgg-dresden-l\u00f6btau.de\/wp-content\/uploads\/WhatsApp-Bild-2024-11-05-um-09.22.49_ba65b423-300x196.jpg 300w, https:\/\/www.spvgg-dresden-l\u00f6btau.de\/wp-content\/uploads\/WhatsApp-Bild-2024-11-05-um-09.22.49_ba65b423-150x98.jpg 150w, https:\/\/www.spvgg-dresden-l\u00f6btau.de\/wp-content\/uploads\/WhatsApp-Bild-2024-11-05-um-09.22.49_ba65b423-768x501.jpg 768w, https:\/\/www.spvgg-dresden-l\u00f6btau.de\/wp-content\/uploads\/WhatsApp-Bild-2024-11-05-um-09.22.49_ba65b423-90x60.jpg 90w, https:\/\/www.spvgg-dresden-l\u00f6btau.de\/wp-content\/uploads\/WhatsApp-Bild-2024-11-05-um-09.22.49_ba65b423.jpg 1125w\" sizes=\"auto, (max-width: 1024px) 100vw, 1024px\" \/><\/figure>\n\n\n\n<figure class=\"wp-block-image size-large\"><img loading=\"lazy\" decoding=\"async\" width=\"1024\" height=\"670\" data-id=\"3139\" src=\"https:\/\/www.spvgg-dresden-l\u00f6btau.de\/wp-content\/uploads\/WhatsApp-Bild-2024-11-05-um-09.22.50_86691f85-1024x670.jpg\" alt=\"\" class=\"wp-image-3139\" srcset=\"https:\/\/www.spvgg-dresden-l\u00f6btau.de\/wp-content\/uploads\/WhatsApp-Bild-2024-11-05-um-09.22.50_86691f85-1024x670.jpg 1024w, https:\/\/www.spvgg-dresden-l\u00f6btau.de\/wp-content\/uploads\/WhatsApp-Bild-2024-11-05-um-09.22.50_86691f85-300x196.jpg 300w, https:\/\/www.spvgg-dresden-l\u00f6btau.de\/wp-content\/uploads\/WhatsApp-Bild-2024-11-05-um-09.22.50_86691f85-150x98.jpg 150w, https:\/\/www.spvgg-dresden-l\u00f6btau.de\/wp-content\/uploads\/WhatsApp-Bild-2024-11-05-um-09.22.50_86691f85-768x502.jpg 768w, https:\/\/www.spvgg-dresden-l\u00f6btau.de\/wp-content\/uploads\/WhatsApp-Bild-2024-11-05-um-09.22.50_86691f85-90x60.jpg 90w, https:\/\/www.spvgg-dresden-l\u00f6btau.de\/wp-content\/uploads\/WhatsApp-Bild-2024-11-05-um-09.22.50_86691f85.jpg 1125w\" sizes=\"auto, (max-width: 1024px) 100vw, 1024px\" \/><\/figure>\n\n\n\n<figure class=\"wp-block-image size-large\"><img loading=\"lazy\" decoding=\"async\" width=\"1024\" height=\"672\" data-id=\"3138\" src=\"https:\/\/www.spvgg-dresden-l\u00f6btau.de\/wp-content\/uploads\/WhatsApp-Bild-2024-11-05-um-09.22.50_141c7c3a-1024x672.jpg\" alt=\"\" class=\"wp-image-3138\" srcset=\"https:\/\/www.spvgg-dresden-l\u00f6btau.de\/wp-content\/uploads\/WhatsApp-Bild-2024-11-05-um-09.22.50_141c7c3a-1024x672.jpg 1024w, https:\/\/www.spvgg-dresden-l\u00f6btau.de\/wp-content\/uploads\/WhatsApp-Bild-2024-11-05-um-09.22.50_141c7c3a-300x197.jpg 300w, https:\/\/www.spvgg-dresden-l\u00f6btau.de\/wp-content\/uploads\/WhatsApp-Bild-2024-11-05-um-09.22.50_141c7c3a-150x98.jpg 150w, https:\/\/www.spvgg-dresden-l\u00f6btau.de\/wp-content\/uploads\/WhatsApp-Bild-2024-11-05-um-09.22.50_141c7c3a-768x504.jpg 768w, https:\/\/www.spvgg-dresden-l\u00f6btau.de\/wp-content\/uploads\/WhatsApp-Bild-2024-11-05-um-09.22.50_141c7c3a-90x60.jpg 90w, https:\/\/www.spvgg-dresden-l\u00f6btau.de\/wp-content\/uploads\/WhatsApp-Bild-2024-11-05-um-09.22.50_141c7c3a.jpg 1125w\" sizes=\"auto, (max-width: 1024px) 100vw, 1024px\" \/><\/figure>\n\n\n\n<figure class=\"wp-block-image size-large\"><img loading=\"lazy\" decoding=\"async\" width=\"928\" height=\"580\" data-id=\"3137\" src=\"https:\/\/www.spvgg-dresden-l\u00f6btau.de\/wp-content\/uploads\/WhatsApp-Bild-2024-11-05-um-09.12.45_84a52850.jpg\" alt=\"\" class=\"wp-image-3137\" srcset=\"https:\/\/www.spvgg-dresden-l\u00f6btau.de\/wp-content\/uploads\/WhatsApp-Bild-2024-11-05-um-09.12.45_84a52850.jpg 928w, https:\/\/www.spvgg-dresden-l\u00f6btau.de\/wp-content\/uploads\/WhatsApp-Bild-2024-11-05-um-09.12.45_84a52850-300x188.jpg 300w, https:\/\/www.spvgg-dresden-l\u00f6btau.de\/wp-content\/uploads\/WhatsApp-Bild-2024-11-05-um-09.12.45_84a52850-150x94.jpg 150w, https:\/\/www.spvgg-dresden-l\u00f6btau.de\/wp-content\/uploads\/WhatsApp-Bild-2024-11-05-um-09.12.45_84a52850-768x480.jpg 768w\" sizes=\"auto, (max-width: 928px) 100vw, 928px\" \/><\/figure>\n<\/figure>\n","protected":false},"excerpt":{"rendered":"<p>Unsere Anna erhielt vom Bundespr\u00e4sidenten Frank-Walter Steinmeier pers\u00f6nlich das \u201eSilberne Lorbeerblatt\u201c. Das Silberne Lorbeerblatt ist die h\u00f6chste sportliche Auszeichnung in der Bundesrepublik Deutschland. Es ist ein staatliches Ehrenzeichen und wird als Auszeichnung f\u00fcr hervorragende Leistungen (auch international) auf den Gebieten des sportlichen Lebens verliehen. Anna ist seit 2016 unsere Nr. 4 und geh\u00f6rlos, doch das hat sie nie vom Sport [&#8230;]<\/p>\n","protected":false},"author":4,"featured_media":0,"comment_status":"closed","ping_status":"open","sticky":false,"template":"","format":"standard","meta":{"footnotes":""},"categories":[8],"tags":[82],"class_list":["post-3136","post","type-post","status-publish","format-standard","hentry","category-news","tag-1-frauen"],"_links":{"self":[{"href":"https:\/\/www.spvgg-dresden-l\u00f6btau.de\/index.php?rest_route=\/wp\/v2\/posts\/3136","targetHints":{"allow":["GET"]}}],"collection":[{"href":"https:\/\/www.spvgg-dresden-l\u00f6btau.de\/index.php?rest_route=\/wp\/v2\/posts"}],"about":[{"href":"https:\/\/www.spvgg-dresden-l\u00f6btau.de\/index.php?rest_route=\/wp\/v2\/types\/post"}],"author":[{"embeddable":true,"href":"https:\/\/www.spvgg-dresden-l\u00f6btau.de\/index.php?rest_route=\/wp\/v2\/users\/4"}],"replies":[{"embeddable":true,"href":"https:\/\/www.spvgg-dresden-l\u00f6btau.de\/index.php?rest_route=%2Fwp%2Fv2%2Fcomments&post=3136"}],"version-history":[{"count":1,"href":"https:\/\/www.spvgg-dresden-l\u00f6btau.de\/index.php?rest_route=\/wp\/v2\/posts\/3136\/revisions"}],"predecessor-version":[{"id":3142,"href":"https:\/\/www.spvgg-dresden-l\u00f6btau.de\/index.php?rest_route=\/wp\/v2\/posts\/3136\/revisions\/3142"}],"wp:attachment":[{"href":"https:\/\/www.spvgg-dresden-l\u00f6btau.de\/index.php?rest_route=%2Fwp%2Fv2%2Fmedia&parent=3136"}],"wp:term":[{"taxonomy":"category","embeddable":true,"href":"https:\/\/www.spvgg-dresden-l\u00f6btau.de\/index.php?rest_route=%2Fwp%2Fv2%2Fcategories&post=3136"},{"taxonomy":"post_tag","embeddable":true,"href":"https:\/\/www.spvgg-dresden-l\u00f6btau.de\/index.php?rest_route=%2Fwp%2Fv2%2Ftags&post=3136"}],"curies":[{"name":"wp","href":"https:\/\/api.w.org\/{rel}","templated":true}]}}