{"id":1888,"date":"2024-07-10T08:19:14","date_gmt":"2024-07-10T06:19:14","guid":{"rendered":"https:\/\/www.spvgg-dresden-l\u00f6btau.de\/?p=1888"},"modified":"2024-07-10T08:19:16","modified_gmt":"2024-07-10T06:19:16","slug":"wir-trauern-um-peter-habschik","status":"publish","type":"post","link":"https:\/\/www.spvgg-dresden-l\u00f6btau.de\/?p=1888","title":{"rendered":"Wir trauern um Peter Habschik"},"content":{"rendered":"\n<p>In gro\u00dfer Trauer teilen wir mit, dass unser Ehrenmitglied Peter Habschik in seinem 84. Lebensjahr am 04.07.2024 verstorben ist.<\/p>\n\n\n\n<div class=\"wp-block-media-text is-stacked-on-mobile\"><figure class=\"wp-block-media-text__media\"><img loading=\"lazy\" decoding=\"async\" width=\"648\" height=\"1024\" src=\"https:\/\/www.spvgg-dresden-l\u00f6btau.de\/wp-content\/uploads\/Peter-Habschik-648x1024.jpg\" alt=\"\" class=\"wp-image-1889 size-full\" srcset=\"https:\/\/www.spvgg-dresden-l\u00f6btau.de\/wp-content\/uploads\/Peter-Habschik-648x1024.jpg 648w, https:\/\/www.spvgg-dresden-l\u00f6btau.de\/wp-content\/uploads\/Peter-Habschik-190x300.jpg 190w, https:\/\/www.spvgg-dresden-l\u00f6btau.de\/wp-content\/uploads\/Peter-Habschik-95x150.jpg 95w, https:\/\/www.spvgg-dresden-l\u00f6btau.de\/wp-content\/uploads\/Peter-Habschik-768x1213.jpg 768w, https:\/\/www.spvgg-dresden-l\u00f6btau.de\/wp-content\/uploads\/Peter-Habschik-972x1536.jpg 972w, https:\/\/www.spvgg-dresden-l\u00f6btau.de\/wp-content\/uploads\/Peter-Habschik.jpg 1013w\" sizes=\"auto, (max-width: 648px) 100vw, 648px\" \/><\/figure><div class=\"wp-block-media-text__content\">\n<p>Geboren am 09.12.1940 war Peter \u00fcber viele Jahrzehnte ein pr\u00e4gendes Bild in unserem Verein und vor allem in der Abteilung Fu\u00dfball. Ende der 1950er Jahre wechselte Peter im Juniorenalter von der SG Einheit Dresden zu uns nach L\u00f6btau.<\/p>\n\n\n\n<p>Im Seniorenbereich schn\u00fcrte er auch f\u00fcr die 1. M\u00e4nnermannschaft seine T\u00f6ppen. Sp\u00e4ter lief er in unserer 4. M\u00e4nnermannschaft auf, in der sich auch viele ehemalige aktive Fu\u00dfballer zusammengefunden hatten..<\/p>\n\n\n\n<p>Von 1977 bis 1983 \u00fcbernahm Peter Habschik als Abteilungsleiter die Verantwortung f\u00fcr die Abteilung Fu\u00dfball. In diese Zeit fiel u.a. auch der Aufstieg der 1. M\u00e4nnermannschaft in die Bezirksklasse und der Zusammenschluss mit den Sportfreunden aus Nau\u00dflitz im Jahre 1979.<\/p>\n\n\n\n<p>Bis ins hohe Alter war Peter Habschik st\u00e4ndiger und gern gesehener Gast bei den Heimspielen der 1. M\u00e4nnermannschaft von L\u00f6btau.<\/p>\n\n\n\n<p>F\u00fcr seine Verdienste wurde er bereits vor vielen Jahren zum Ehrenmitglied ernannt und war bis zu seinem Ableben Mitglied des Ehrenrates der SpVgg. Dresden-L\u00f6btau.<\/p>\n<\/div><\/div>\n\n\n\n<p>Mit Peter Habschik verliert die SpVgg. Dresden-L\u00f6btau einen gro\u00dfen Sportsmann und Freund!<\/p>\n\n\n\n<p>Unser tief empfundenes Mitgef\u00fchl gilt seinen Hinterbliebenen.<\/p>\n\n\n\n<p>Ruhe in Frieden, Peter!<\/p>\n","protected":false},"excerpt":{"rendered":"<p>In gro\u00dfer Trauer teilen wir mit, dass unser Ehrenmitglied Peter Habschik in seinem 84. Lebensjahr am 04.07.2024 verstorben ist. Geboren am 09.12.1940 war Peter \u00fcber viele Jahrzehnte ein pr\u00e4gendes Bild in unserem Verein und vor allem in der Abteilung Fu\u00dfball. Ende der 1950er Jahre wechselte Peter im Juniorenalter von der SG Einheit Dresden zu uns nach L\u00f6btau. Im Seniorenbereich schn\u00fcrte [&#8230;]<\/p>\n","protected":false},"author":3,"featured_media":0,"comment_status":"closed","ping_status":"open","sticky":false,"template":"","format":"standard","meta":{"footnotes":""},"categories":[8],"tags":[68,20,69],"class_list":["post-1888","post","type-post","status-publish","format-standard","hentry","category-news","tag-peter-habschik","tag-spvgg-dresden-loebtau","tag-trauer"],"_links":{"self":[{"href":"https:\/\/www.spvgg-dresden-l\u00f6btau.de\/index.php?rest_route=\/wp\/v2\/posts\/1888","targetHints":{"allow":["GET"]}}],"collection":[{"href":"https:\/\/www.spvgg-dresden-l\u00f6btau.de\/index.php?rest_route=\/wp\/v2\/posts"}],"about":[{"href":"https:\/\/www.spvgg-dresden-l\u00f6btau.de\/index.php?rest_route=\/wp\/v2\/types\/post"}],"author":[{"embeddable":true,"href":"https:\/\/www.spvgg-dresden-l\u00f6btau.de\/index.php?rest_route=\/wp\/v2\/users\/3"}],"replies":[{"embeddable":true,"href":"https:\/\/www.spvgg-dresden-l\u00f6btau.de\/index.php?rest_route=%2Fwp%2Fv2%2Fcomments&post=1888"}],"version-history":[{"count":3,"href":"https:\/\/www.spvgg-dresden-l\u00f6btau.de\/index.php?rest_route=\/wp\/v2\/posts\/1888\/revisions"}],"predecessor-version":[{"id":1892,"href":"https:\/\/www.spvgg-dresden-l\u00f6btau.de\/index.php?rest_route=\/wp\/v2\/posts\/1888\/revisions\/1892"}],"wp:attachment":[{"href":"https:\/\/www.spvgg-dresden-l\u00f6btau.de\/index.php?rest_route=%2Fwp%2Fv2%2Fmedia&parent=1888"}],"wp:term":[{"taxonomy":"category","embeddable":true,"href":"https:\/\/www.spvgg-dresden-l\u00f6btau.de\/index.php?rest_route=%2Fwp%2Fv2%2Fcategories&post=1888"},{"taxonomy":"post_tag","embeddable":true,"href":"https:\/\/www.spvgg-dresden-l\u00f6btau.de\/index.php?rest_route=%2Fwp%2Fv2%2Ftags&post=1888"}],"curies":[{"name":"wp","href":"https:\/\/api.w.org\/{rel}","templated":true}]}}