{"id":1856,"date":"2024-05-06T11:56:08","date_gmt":"2024-05-06T09:56:08","guid":{"rendered":"https:\/\/www.spvgg-dresden-l\u00f6btau.de\/?p=1856"},"modified":"2024-05-06T12:19:52","modified_gmt":"2024-05-06T10:19:52","slug":"sanierung-des-sprecherturms-stimmt-mit-ab-fuer-unser-projekt","status":"publish","type":"post","link":"https:\/\/www.spvgg-dresden-l\u00f6btau.de\/?p=1856","title":{"rendered":"Sanierung des Sprecherturms- stimmt mit ab f\u00fcr unser Projekt"},"content":{"rendered":"\n<p>Der Zahn der Zeit hat in den vergangenen 14 Jahren doch deutliche Spuren an unserem Sprecherturm hinterlassen. Deshalb haben sich wieder engagierte Mitglieder zusammengefunden und wollen die Sanierung des Sprecherturms in Angriff nehmen. <\/p>\n\n\n\n<p>Im Zusammenhang mit derartigen Vereinsprojekten hat W\u00fcrth eine Aktion ins Leben gerufen, um solche Projekte zu unterst\u00fctzen. Mit Hilfe unserer zahlreichen Vereinsmitglieder und Sympatisanten k\u00f6nnten wir zu den Gewinnern der W\u00fcrth Aktion Vereinsheimwerker 2024 geh\u00f6ren. Neben Sachpreisen sind auch Geldpreise f\u00fcr die Gewinner ausgeschrieben. Daher teilt bitte diesen Link und stimmt f\u00fcr unser Projekt, das Voting beginnt ab dem 07. Mai. <br>Auf geht&#8217;s L\u00f6bbe-Familie, lasst uns zu den Gewinnern geh\u00f6ren!<\/p>\n\n\n\n<p><a href=\"https:\/\/unsere-vereinsheimwerker.de\/ibt\/bin\/public\/voting\/overview.ibtsico\">https:\/\/unsere-vereinsheimwerker.de\/ibt\/bin\/public\/voting\/overview.ibtsico<\/a><\/p>\n\n\n\n<figure class=\"wp-block-image size-large\"><img loading=\"lazy\" decoding=\"async\" width=\"1024\" height=\"747\" src=\"https:\/\/www.spvgg-dresden-l\u00f6btau.de\/wp-content\/uploads\/Sprecherturm-1024x747.jpg\" alt=\"\" class=\"wp-image-1857\" srcset=\"https:\/\/www.spvgg-dresden-l\u00f6btau.de\/wp-content\/uploads\/Sprecherturm-1024x747.jpg 1024w, https:\/\/www.spvgg-dresden-l\u00f6btau.de\/wp-content\/uploads\/Sprecherturm-300x219.jpg 300w, https:\/\/www.spvgg-dresden-l\u00f6btau.de\/wp-content\/uploads\/Sprecherturm-150x109.jpg 150w, https:\/\/www.spvgg-dresden-l\u00f6btau.de\/wp-content\/uploads\/Sprecherturm-768x560.jpg 768w, https:\/\/www.spvgg-dresden-l\u00f6btau.de\/wp-content\/uploads\/Sprecherturm.jpg 1053w\" sizes=\"auto, (max-width: 1024px) 100vw, 1024px\" \/><\/figure>\n","protected":false},"excerpt":{"rendered":"<p>Der Zahn der Zeit hat in den vergangenen 14 Jahren doch deutliche Spuren an unserem Sprecherturm hinterlassen. Deshalb haben sich wieder engagierte Mitglieder zusammengefunden und wollen die Sanierung des Sprecherturms in Angriff nehmen. Im Zusammenhang mit derartigen Vereinsprojekten hat W\u00fcrth eine Aktion ins Leben gerufen, um solche Projekte zu unterst\u00fctzen. Mit Hilfe unserer zahlreichen Vereinsmitglieder und Sympatisanten k\u00f6nnten wir zu [&#8230;]<\/p>\n","protected":false},"author":3,"featured_media":0,"comment_status":"closed","ping_status":"open","sticky":false,"template":"","format":"standard","meta":{"footnotes":""},"categories":[8],"tags":[],"class_list":["post-1856","post","type-post","status-publish","format-standard","hentry","category-news"],"_links":{"self":[{"href":"https:\/\/www.spvgg-dresden-l\u00f6btau.de\/index.php?rest_route=\/wp\/v2\/posts\/1856","targetHints":{"allow":["GET"]}}],"collection":[{"href":"https:\/\/www.spvgg-dresden-l\u00f6btau.de\/index.php?rest_route=\/wp\/v2\/posts"}],"about":[{"href":"https:\/\/www.spvgg-dresden-l\u00f6btau.de\/index.php?rest_route=\/wp\/v2\/types\/post"}],"author":[{"embeddable":true,"href":"https:\/\/www.spvgg-dresden-l\u00f6btau.de\/index.php?rest_route=\/wp\/v2\/users\/3"}],"replies":[{"embeddable":true,"href":"https:\/\/www.spvgg-dresden-l\u00f6btau.de\/index.php?rest_route=%2Fwp%2Fv2%2Fcomments&post=1856"}],"version-history":[{"count":3,"href":"https:\/\/www.spvgg-dresden-l\u00f6btau.de\/index.php?rest_route=\/wp\/v2\/posts\/1856\/revisions"}],"predecessor-version":[{"id":1861,"href":"https:\/\/www.spvgg-dresden-l\u00f6btau.de\/index.php?rest_route=\/wp\/v2\/posts\/1856\/revisions\/1861"}],"wp:attachment":[{"href":"https:\/\/www.spvgg-dresden-l\u00f6btau.de\/index.php?rest_route=%2Fwp%2Fv2%2Fmedia&parent=1856"}],"wp:term":[{"taxonomy":"category","embeddable":true,"href":"https:\/\/www.spvgg-dresden-l\u00f6btau.de\/index.php?rest_route=%2Fwp%2Fv2%2Fcategories&post=1856"},{"taxonomy":"post_tag","embeddable":true,"href":"https:\/\/www.spvgg-dresden-l\u00f6btau.de\/index.php?rest_route=%2Fwp%2Fv2%2Ftags&post=1856"}],"curies":[{"name":"wp","href":"https:\/\/api.w.org\/{rel}","templated":true}]}}